{"id":350,"date":"2013-08-10T10:11:04","date_gmt":"2013-08-10T09:11:04","guid":{"rendered":"http:\/\/www.maxreportage.com\/?p=350"},"modified":"2013-11-18T20:45:35","modified_gmt":"2013-11-18T19:45:35","slug":"bmw-i3-et-i8-au-salon-de-tokyo-de-paris-du-4-au-7-avril-2013","status":"publish","type":"post","link":"https:\/\/www.maxreportage.com\/?p=350","title":{"rendered":"BMW i3 et i8 au Salon de Tokyo de Paris du 4 au 7 avril 2013"},"content":{"rendered":"<p>BMW organise une tourn\u00e9e dans les grandes villes du monde pour pr\u00e9senter sa nouvelle gamme de v\u00e9hicules \u00e9lectriques dont la sportive i8 et la citadine i3. La pr\u00e9sentation \u00e0 Paris s&rsquo;est effectu\u00e9e au Palais de Tokyo le 3 avril. L&rsquo;occasion de discuter avec les responsables de la marque, les journalistes et des sp\u00e9cialistes de la mobilit\u00e9 qui nous ont donn\u00e9s quelques information int\u00e9ressantes. La i3 sera vendue en novembre 2013 \u00e0 un tarif inf\u00e9rieur \u00e0 30 000 \u20ac (bonus \u00e9cologique de 7000 \u20ac inclus) selon le FIGARO. L&rsquo;exposition BMW i est ouverte au public du 4 au 7 avril<\/p>\n","protected":false},"excerpt":{"rendered":"<p>BMW organise une tourn\u00e9e dans les grandes villes du monde pour pr\u00e9senter sa nouvelle gamme de v\u00e9hicules \u00e9lectriques dont la sportive i8 et la citadine i3. La pr\u00e9sentation \u00e0 Paris s&rsquo;est effectu\u00e9e au Palais de Tokyo le 3&nbsp;[&#8230;]<br \/><input type=\"submit\" onClick=\"location.href='https:\/\/www.maxreportage.com\/?p=350'\" class=\"all_button default_button more_button\" value='Lire plus' \/><\/p>\n","protected":false},"author":1,"featured_media":351,"comment_status":"open","ping_status":"open","sticky":false,"template":"","format":"standard","meta":{"footnotes":""},"categories":[5],"tags":[94,105,95,96,104,101,103,98,97,99,100,102],"class_list":["post-350","post","type-post","status-publish","format-standard","has-post-thumbnail","hentry","category-evenements","tag-bmw-i","tag-bmw-i-paris","tag-bmw-i3","tag-bmw-i8","tag-exposition","tag-mia","tag-palais-de-tokyo","tag-peugeot-ion","tag-renault-zoe","tag-smart-electric-drive","tag-vehicules-electriques","tag-voiture-propre"],"jetpack_featured_media_url":"https:\/\/www.maxreportage.com\/wp-content\/uploads\/2013\/04\/bmw-i-affiche-vignette.jpg","_links":{"self":[{"href":"https:\/\/www.maxreportage.com\/index.php?rest_route=\/wp\/v2\/posts\/350","targetHints":{"allow":["GET"]}}],"collection":[{"href":"https:\/\/www.maxreportage.com\/index.php?rest_route=\/wp\/v2\/posts"}],"about":[{"href":"https:\/\/www.maxreportage.com\/index.php?rest_route=\/wp\/v2\/types\/post"}],"author":[{"embeddable":true,"href":"https:\/\/www.maxreportage.com\/index.php?rest_route=\/wp\/v2\/users\/1"}],"replies":[{"embeddable":true,"href":"https:\/\/www.maxreportage.com\/index.php?rest_route=%2Fwp%2Fv2%2Fcomments&post=350"}],"version-history":[{"count":9,"href":"https:\/\/www.maxreportage.com\/index.php?rest_route=\/wp\/v2\/posts\/350\/revisions"}],"predecessor-version":[{"id":495,"href":"https:\/\/www.maxreportage.com\/index.php?rest_route=\/wp\/v2\/posts\/350\/revisions\/495"}],"wp:featuredmedia":[{"embeddable":true,"href":"https:\/\/www.maxreportage.com\/index.php?rest_route=\/wp\/v2\/media\/351"}],"wp:attachment":[{"href":"https:\/\/www.maxreportage.com\/index.php?rest_route=%2Fwp%2Fv2%2Fmedia&parent=350"}],"wp:term":[{"taxonomy":"category","embeddable":true,"href":"https:\/\/www.maxreportage.com\/index.php?rest_route=%2Fwp%2Fv2%2Fcategories&post=350"},{"taxonomy":"post_tag","embeddable":true,"href":"https:\/\/www.maxreportage.com\/index.php?rest_route=%2Fwp%2Fv2%2Ftags&post=350"}],"curies":[{"name":"wp","href":"https:\/\/api.w.org\/{rel}","templated":true}]}}